{"id":32480,"date":"2025-02-12T12:50:44","date_gmt":"2025-02-12T11:50:44","guid":{"rendered":"https:\/\/www.anameteurope.com\/?p=32480"},"modified":"2025-07-14T11:52:10","modified_gmt":"2025-07-14T09:52:10","slug":"ankuendigung-unserer-teilnahme-an-der-hannover-messe-2025","status":"publish","type":"post","link":"https:\/\/www.anameteurope.com\/de\/nachrichten\/ankuendigung-unserer-teilnahme-an-der-hannover-messe-2025\/","title":{"rendered":"Ank\u00fcndigung unserer Teilnahme an der Hannover Messe 2025"},"content":{"rendered":"<p data-pm-slice=\"1 1 []\">Wir freuen uns, unsere innovativen L\u00f6sungen auf der <strong>Hannover Messe 2025<\/strong>, der weltweit f\u00fchrenden Fachmesse f\u00fcr Industrietechnologie, pr\u00e4sentieren zu d\u00fcrfen. Die Veranstaltung findet vom <strong>31. M\u00e4rz bis 4. April 2025<\/strong> in Hannover, Deutschland, statt.<\/p>\n<p data-pm-slice=\"1 1 []\">Sie finden uns am <strong>Stand B28\/1 in Halle 11<\/strong>, wo unsere Experten Ihnen Einblicke in unsere neuesten Entwicklungen geben, individuelle Fragen beantworten und ma\u00dfgeschneiderte L\u00f6sungen anbieten.<\/p>\n<p data-pm-slice=\"1 1 []\"><!--more--><\/p>\n<h2>Unsere innovativen L\u00f6sungen im Fokus<\/h2>\n<p>Besuchen Sie unseren Stand und entdecken Sie unser Portfolio an <strong>Anaconda Sealtite\u00ae fl\u00fcssigkeitsdichten Schutzschl\u00e4uchen, Wellschl\u00e4uchen aus Metall sowie ATEX-zertifizierten L\u00f6sungen<\/strong>. Diese sind speziell f\u00fcr anspruchsvolle industrielle Anwendungen konzipiert und bieten <strong>h\u00f6chste mechanische Belastbarkeit, elektromagnetische Abschirmung und Temperaturbest\u00e4ndigkeit<\/strong>. Sie eignen sich ideal f\u00fcr Branchen wie <strong>Automatisierung, Bahnindustrie, Luft- und Raumfahrt sowie die Energiebranche<\/strong>.<\/p>\n<h2>Warum ein Besuch bei uns lohnt<\/h2>\n<ul data-spread=\"false\">\n<li><strong>Technologische Innovationen<\/strong> \u2013 Entdecken Sie unsere neuesten Entwicklungen im Bereich <strong>flexibler Schutzschlauchsysteme<\/strong>, die f\u00fcr Langlebigkeit und maximale Sicherheit ausgelegt sind.<\/li>\n<li><strong>Live-Demonstrationen<\/strong> \u2013 Erleben Sie die herausragende <strong>Widerstandsf\u00e4higkeit und Flexibilit\u00e4t<\/strong> unserer Produkte unter realen Einsatzbedingungen.<\/li>\n<li><strong>Individuelle Fachberatung<\/strong> \u2013 Unsere Experten stehen Ihnen f\u00fcr eine ma\u00dfgeschneiderte Beratung zu spezifischen <strong>Kabelschutzl\u00f6sungen<\/strong> zur Verf\u00fcgung.<\/li>\n<li><strong>Nachhaltige L\u00f6sungen<\/strong> \u2013 Erfahren Sie mehr \u00fcber unsere Bestrebungen in Bezug auf <strong>umweltfreundliche Materialien und nachhaltige Fertigungsprozesse<\/strong>.<\/li>\n<\/ul>\n<h2>Treffen Sie uns auf der Hannover Messe 2025<\/h2>\n<p>Wir laden <strong>Branchenexperten, Gesch\u00e4ftspartner und Kunden<\/strong> herzlich ein, uns an unserem Stand zu besuchen und sich \u00fcber die Vorteile unserer <strong>hochwertigen Schutzschlauchsysteme<\/strong> zu informieren. Bleiben Sie auf dem Laufenden \u00fcber <strong>Standdetails und Veranstaltungshighlights<\/strong>, w\u00e4hrend die Messe n\u00e4her r\u00fcckt.<\/p>\n<p>Weitere Informationen zu unserer Teilnahme und unseren Produkten finden Sie auf unserer <a href=\"https:\/\/www.anameteurope.com\/de\/exhibitions\/hannover-messe-2025\/\"><strong>Hannover Messe 2025 Event-Seite<\/strong><\/a>.<\/p>\n<p>Wir freuen uns darauf, Sie in Hannover zu begr\u00fc\u00dfen!<\/p>\n","protected":false},"excerpt":{"rendered":"<p>Wir freuen uns, unsere innovativen L\u00f6sungen auf der Hannover Messe 2025, der weltweit f\u00fchrenden Fachmesse f\u00fcr Industrietechnologie, pr\u00e4sentieren zu d\u00fcrfen. Die Veranstaltung findet vom 31. M\u00e4rz bis 4. April 2025 in Hannover, Deutschland, statt. Sie finden uns am Stand B28\/1 in Halle 11, wo unsere Experten Ihnen Einblicke in unsere neuesten Entwicklungen geben, individuelle Fragen [&hellip;]<\/p>\n","protected":false},"author":3,"featured_media":32476,"comment_status":"closed","ping_status":"open","sticky":false,"template":"","format":"standard","meta":{"_acf_changed":false,"_yoast_wpseo_focuskw":"Ank\u00fcndigung unserer Teilnahme an der Hannover Messe 2025","_yoast_wpseo_title":"","_yoast_wpseo_metadesc":"Ank\u00fcndigung: Anamet Europe auf der Hannover Messe 2025 \u2013 Besuchen Sie uns und entdecken Sie neueste L\u00f6sungen f\u00fcr Kabel- & Leitungsschutz.","_yoast_wpseo_linkdex":"73","_yoast_wpseo_content_score":"90","_yoast_wpseo_is_cornerstone":"","_yoast_wpseo_meta-robots-noindex":"","_yoast_wpseo_canonical":"","_yoast_wpseo_opengraph-title":"","_yoast_wpseo_opengraph-description":"","_yoast_wpseo_opengraph-image":"","_yoast_wpseo_opengraph-image-id":"","_yoast_wpseo_twitter-title":"","_yoast_wpseo_twitter-description":"","_crsspst_to_anametindianinedegreesnl":false,"1stcharacter":"","acfml_non_translatable_locations":[],"ao_post_optimize":[],"attr_label_translations":"","br_filters_group":[],"br_product_filter":[],"bsf-aiosrs-event":[],"bsf-aiosrs-local-business":[],"bsf-aiosrs-product":[],"bsf-aiosrs-schema-location":[],"bsf-aiosrs-schema-type":"","bsf-schema-pro-rating-37150":"","bsf-schema-pro-review-counts-37150":"","bsf-schema-pro-reviews-37150":[],"construction-core-2":[],"construction-cover-2":[],"custom-markup-37270-custom-markup":"","custom-markup-37270-custom-markup-fieldtype":"","event-37231-avail":"","event-37231-avail-fieldtype":"","event-37231-currency":"","event-37231-currency-fieldtype":"","event-37231-description":"","event-37231-description-fieldtype":"","event-37231-end-date":"","event-37231-end-date-fieldtype":"","event-37231-event-attendance-mode":"","event-37231-event-attendance-mode-fieldtype":"","event-37231-event-organizer-name":"","event-37231-event-organizer-name-fieldtype":"","event-37231-event-organizer-url":"","event-37231-event-organizer-url-fieldtype":"","event-37231-event-status":"","event-37231-event-status-fieldtype":"","event-37231-image":"","event-37231-image-fieldtype":"","event-37231-location":"","event-37231-location-country":"","event-37231-location-country-fieldtype":"","event-37231-location-fieldtype":"","event-37231-location-locality":"","event-37231-location-locality-fieldtype":"","event-37231-location-postal":"","event-37231-location-postal-fieldtype":"","event-37231-location-region":"","event-37231-location-region-fieldtype":"","event-37231-location-street":"","event-37231-location-street-fieldtype":"","event-37231-name":"","event-37231-name-fieldtype":"","event-37231-online-location":"","event-37231-online-location-fieldtype":"","event-37231-performer":"","event-37231-performer-fieldtype":"","event-37231-previous-date":"","event-37231-previous-date-fieldtype":"","event-37231-price":"","event-37231-price-fieldtype":"","event-37231-schema-type":"","event-37231-schema-type-fieldtype":"","event-37231-start-date":"","event-37231-start-date-fieldtype":"","event-37231-ticket-buy-url":"","event-37231-ticket-buy-url-fieldtype":"","event-37231-timezone":"","event-37231-timezone-fieldtype":"","event-37231-valid-from":"","event-37231-valid-from-fieldtype":"","filters_colour":"","filters_cover":"","filters_material":"","filters_molten_metal_splash":"","filters_protection_class":"","filters_radiation_heat":"","filters_temperature":"","filters_temperature_under_flames":"","filters_thread_type":"","filters_type_fitting":"","foto":"","glossary_disable":"","glossary_link_type":"","hoofdproduct_eigenschappen_braid":"","hoofdproduct_eigenschappen_burst_pressure":"","hoofdproduct_eigenschappen_colour":"","hoofdproduct_eigenschappen_compression_resistance":"","hoofdproduct_eigenschappen_construction":"","hoofdproduct_eigenschappen_cover":"","hoofdproduct_eigenschappen_hose":"","hoofdproduct_eigenschappen_impact_resistance":"","hoofdproduct_eigenschappen_material":"","hoofdproduct_eigenschappen_molten_metal_splash":"","hoofdproduct_eigenschappen_note":"","hoofdproduct_eigenschappen_protection_class":"","hoofdproduct_eigenschappen_radiation_heat":"","hoofdproduct_eigenschappen_specifics":"","hoofdproduct_eigenschappen_temperature":"","hoofdproduct_eigenschappen_temperature_under_flames":"","hoofdproduct_eigenschappen_tensile_strength":"","hoofdproduct_eigenschappen_thread_type":"","hoofdproduct_eigenschappen_yarn_type":"","intro_image":"","job-posting-37236-description":"","job-posting-37236-description-fieldtype":"","job-posting-37236-education-requirements":"","job-posting-37236-education-requirements-fieldtype":"","job-posting-37236-experience-requirements":"","job-posting-37236-experience-requirements-fieldtype":"","job-posting-37236-expiry-date":"","job-posting-37236-expiry-date-fieldtype":"","job-posting-37236-industry":"","job-posting-37236-industry-fieldtype":"","job-posting-37236-job-location-type":"","job-posting-37236-job-location-type-fieldtype":"","job-posting-37236-job-type":"","job-posting-37236-job-type-fieldtype":"","job-posting-37236-location-country":"","job-posting-37236-location-country-fieldtype":"","job-posting-37236-location-locality":"","job-posting-37236-location-locality-fieldtype":"","job-posting-37236-location-postal":"","job-posting-37236-location-postal-fieldtype":"","job-posting-37236-location-region":"","job-posting-37236-location-region-fieldtype":"","job-posting-37236-location-street":"","job-posting-37236-location-street-fieldtype":"","job-posting-37236-organization-logo":"","job-posting-37236-organization-logo-fieldtype":"","job-posting-37236-orgnization-name":"","job-posting-37236-orgnization-name-fieldtype":"","job-posting-37236-qualifications":"","job-posting-37236-qualifications-fieldtype":"","job-posting-37236-remote-location":[],"job-posting-37236-remote-location-fieldtype":"","job-posting-37236-responsibilities":"","job-posting-37236-responsibilities-fieldtype":"","job-posting-37236-salary":"","job-posting-37236-salary-currency":"","job-posting-37236-salary-currency-fieldtype":"","job-posting-37236-salary-fieldtype":"","job-posting-37236-salary-max-value":"","job-posting-37236-salary-max-value-fieldtype":"","job-posting-37236-salary-min-value":"","job-posting-37236-salary-min-value-fieldtype":"","job-posting-37236-salary-unit":"","job-posting-37236-salary-unit-fieldtype":"","job-posting-37236-same-as":"","job-posting-37236-same-as-fieldtype":"","job-posting-37236-skills":"","job-posting-37236-skills-fieldtype":"","job-posting-37236-start-date":"","job-posting-37236-start-date-fieldtype":"","job-posting-37236-title":"","job-posting-37236-title-fieldtype":"","job-posting-37236-work-hours":"","job-posting-37236-work-hours-fieldtype":"","local-business-37228-geo-latitude":"","local-business-37228-geo-latitude-fieldtype":"","local-business-37228-geo-longitude":"","local-business-37228-geo-longitude-fieldtype":"","local-business-37228-hours-specification":[],"local-business-37228-hours-specification-fieldtype":"","local-business-37228-image":"","local-business-37228-image-fieldtype":"","local-business-37228-location-country":"","local-business-37228-location-country-fieldtype":"","local-business-37228-location-locality":"","local-business-37228-location-locality-fieldtype":"","local-business-37228-location-postal":"","local-business-37228-location-postal-fieldtype":"","local-business-37228-location-region":"","local-business-37228-location-region-fieldtype":"","local-business-37228-location-street":"","local-business-37228-location-street-fieldtype":"","local-business-37228-name":"","local-business-37228-name-fieldtype":"","local-business-37228-price-range":"","local-business-37228-price-range-fieldtype":"","local-business-37228-rating":"","local-business-37228-rating-fieldtype":"","local-business-37228-review-count":"","local-business-37228-review-count-fieldtype":"","local-business-37228-schema-type":"","local-business-37228-schema-type-fieldtype":"","local-business-37228-telephone":"","local-business-37228-telephone-fieldtype":"","local-business-37228-url":"","local-business-37228-url-fieldtype":"","loon_maximum":"","loon_minimum":"","product":"","product-37232-avail":"","product-37232-avail-fieldtype":"","product-37232-brand-name":"","product-37232-brand-name-fieldtype":"","product-37232-currency":"","product-37232-currency-fieldtype":"","product-37232-description":"","product-37232-description-fieldtype":"","product-37232-hasVariant":[],"product-37232-hasVariant-fieldtype":"","product-37232-image":"","product-37232-image-fieldtype":"","product-37232-merchant-return-policy":[],"product-37232-merchant-return-policy-fieldtype":"","product-37232-mpn":"","product-37232-mpn-fieldtype":"","product-37232-name":"","product-37232-name-fieldtype":"","product-37232-price":"","product-37232-price-fieldtype":"","product-37232-price-valid-until":"","product-37232-price-valid-until-fieldtype":"","product-37232-product-review":[],"product-37232-product-review-fieldtype":"","product-37232-productGroupID":"","product-37232-productGroupID-fieldtype":"","product-37232-rating":"","product-37232-rating-fieldtype":"","product-37232-review-count":"","product-37232-review-count-fieldtype":"","product-37232-shippingDetails":[],"product-37232-shippingDetails-fieldtype":"","product-37232-sku":"","product-37232-sku-fieldtype":"","product-37232-url":"","product-37232-url-fieldtype":"","product-37232-variesBy":"","product-37232-variesBy-fieldtype":"","producttabel_name":[],"related_products":[],"sku":"","subtitle":"","total_sales":"","url":"","wcml_sync_hash":[],"wpfront-user-role-editor-nav-menu-data":"","wpml_media_processed":"","wp_schema_pro_optimized_structured_data":"<!-- Schema optimized by Schema Pro --><script type=\"application\/ld+json\">{\"@context\":\"https:\/\/schema.org\",\"@type\":\"LocalBusiness\",\"name\":\"Anamet Europe\",\"image\":{\"@type\":\"ImageObject\",\"url\":\"https:\/\/www.anameteurope.com\/wp-content\/uploads\/2020\/07\/logo-anamet-1.svg\",\"width\":142,\"height\":26},\"telephone\":\"+31205863586\",\"url\":\"https:\/\/www.anameteurope.com\/de\/\",\"address\":{\"@type\":\"PostalAddress\",\"streetAddress\":\"Galwin 5\",\"addressLocality\":\"Amsterdam\",\"postalCode\":\"1046 AW\",\"addressRegion\":\"NH\",\"addressCountry\":\"NL\"},\"priceRange\":null,\"openingHoursSpecification\":[{\"@type\":\"OpeningHoursSpecification\",\"dayOfWeek\":[\"Monday\",\"Tuesday\",\"Wednesday\",\"Thursday\",\"Friday\"],\"opens\":\"09:00\",\"closes\":\"17:00\"}],\"geo\":{\"@type\":\"GeoCoordinates\",\"latitude\":\"\",\"longitude\":\"\"}}<\/script><!-- \/ Schema optimized by Schema Pro -->","_":"","_adminsort":"","_ame_cpe_post_policy":"{\"accessProtection\":{\"active\":\"replace\"}}","_autosort":"","_auto_apply_sticky_posts":"","_auto_custom_field_name":[],"_auto_custom_field_type":[],"_auto_custom_function_name":[],"_auto_order":[],"_auto_order_by":[],"_auto_taxonomy_name":[],"_backorders":"","_capability":"","_children":[],"_conditionals":"","_construction-core-2":"","_construction-cover-2":"","_crosssell_ids":"","_customize_changeset_uuid":"","_default_attributes":"","_description":"","_downloadable":"","_download_expiry":"","_download_limit":"","_dp_original":"","_filters_colour":"","_filters_cover":"","_filters_material":"","_filters_molten_metal_splash":"","_filters_protection_class":"","_filters_radiation_heat":"","_filters_temperature":"","_filters_temperature_under_flames":"","_filters_thread_type":"","_filters_type_fitting":"","_foto":"","_hoofdproduct_eigenschappen_braid":"","_hoofdproduct_eigenschappen_burst_pressure":"","_hoofdproduct_eigenschappen_colour":"","_hoofdproduct_eigenschappen_compression_resistance":"","_hoofdproduct_eigenschappen_construction":"","_hoofdproduct_eigenschappen_cover":"","_hoofdproduct_eigenschappen_hose":"","_hoofdproduct_eigenschappen_impact_resistance":"","_hoofdproduct_eigenschappen_material":"","_hoofdproduct_eigenschappen_molten_metal_splash":"","_hoofdproduct_eigenschappen_note":"","_hoofdproduct_eigenschappen_protection_class":"","_hoofdproduct_eigenschappen_radiation_heat":"","_hoofdproduct_eigenschappen_specifics":"","_hoofdproduct_eigenschappen_temperature":"","_hoofdproduct_eigenschappen_temperature_under_flames":"","_hoofdproduct_eigenschappen_tensile_strength":"","_hoofdproduct_eigenschappen_thread_type":"","_hoofdproduct_eigenschappen_yarn_type":"","_icl_lang_duplicate_of":"","_intro_image":"","_last_sort_view_ID":"","_last_translation_edit_mode":"native-editor","_location":"","_loon_maximum":"","_loon_minimum":"","_manage_stock":"","_mc4wp_settings":[],"_menu_item_classes":[],"_menu_item_menu_item_parent":"","_menu_item_object":"","_menu_item_object_id":"","_menu_item_target":"","_menu_item_type":"","_menu_item_url":"","_menu_item_xfn":"","_metabox_toggle":[],"_new_items_to_bottom":"","_old_product_id":"","_order_type":"","_pagination":"","_pagination_offset_posts":"","_pagination_posts_per_page":"","_parent_sku":"","_polylang_synchronize":"","_product":"","_producttabel_name":"","_product_attributes":[],"_product_image_gallery":"","_product_version":"","_pto_interface_sort":"","_qtranslate_synchronize":"","_related_products":"","_relevanssi_noindex_reason":"","_rules":[],"_settings_update_languages":[],"_show_thumbnails":"","_sku":"","_sold_individually":"","_status":[],"_sticky_data":"","_stock":"","_stock_status":"","_subtitle":"","_taxonomy":"","_tax_class":"","_tax_status":"","_term_id":"","_upsell_ids":"","_uucss_blocklist":"","_uucss_safelist":"","_view_language":"","_view_selection":"","_view_type":"","_virtual":"","_wcml_average_rating":"","_wcml_rating_count":"","_wcml_review_count":"","_wc_average_rating":"","_wc_rating_count":"","_wc_review_count":"","_wpml_media_duplicate":"1","_wpml_media_featured":"1","_wpml_synchronize":"","_wpml_word_count":"382","_wp_attachment_backup_sizes":[],"_wp_attachment_context":"","_wp_attachment_image_alt":"","_wp_old_date":[],"_yoast_wpseo_estimated-reading-time-minutes":"2","_yoast_wpseo_primary_category":null,"_yoast_wpseo_primary_custom_product_cat":"","_yoast_wpseo_primary_glossary-cat":"","_yoast_wpseo_primary_product_brand":"","_yoast_wpseo_primary_product_cat":null,"_yoast_wpseo_wordproof_timestamp":"","footnotes":""},"categories":[10903],"tags":[],"class_list":["post-32480","post","type-post","status-publish","format-standard","has-post-thumbnail","hentry","category-nachrichten"],"acf":[],"yoast_head":"<!-- This site is optimized with the Yoast SEO plugin v27.5 - https:\/\/yoast.com\/product\/yoast-seo-wordpress\/ -->\n<title>Ank\u00fcndigung unserer Teilnahme an der Hannover Messe 2025 - Anamet Europe<\/title>\n<meta name=\"description\" content=\"Ank\u00fcndigung: Anamet Europe auf der Hannover Messe 2025 \u2013 Besuchen Sie uns und entdecken Sie neueste L\u00f6sungen f\u00fcr Kabel- &amp; Leitungsschutz.\" \/>\n<meta name=\"robots\" content=\"index, follow, max-snippet:-1, max-image-preview:large, max-video-preview:-1\" \/>\n<link rel=\"canonical\" href=\"https:\/\/www.anameteurope.com\/de\/nachrichten\/ankuendigung-unserer-teilnahme-an-der-hannover-messe-2025\/\" \/>\n<meta property=\"og:locale\" content=\"de_DE\" \/>\n<meta property=\"og:type\" content=\"article\" \/>\n<meta property=\"og:title\" content=\"Ank\u00fcndigung unserer Teilnahme an der Hannover Messe 2025 - Anamet Europe\" \/>\n<meta property=\"og:description\" content=\"Ank\u00fcndigung: Anamet Europe auf der Hannover Messe 2025 \u2013 Besuchen Sie uns und entdecken Sie neueste L\u00f6sungen f\u00fcr Kabel- &amp; Leitungsschutz.\" \/>\n<meta property=\"og:url\" content=\"https:\/\/www.anameteurope.com\/de\/nachrichten\/ankuendigung-unserer-teilnahme-an-der-hannover-messe-2025\/\" \/>\n<meta property=\"og:site_name\" content=\"Anamet Europe\" \/>\n<meta property=\"article:published_time\" content=\"2025-02-12T11:50:44+00:00\" \/>\n<meta property=\"article:modified_time\" content=\"2025-07-14T09:52:10+00:00\" \/>\n<meta property=\"og:image\" content=\"https:\/\/www.anameteurope.com\/wp-content\/uploads\/2025\/02\/Hannover-Messe-Logo.jpg\" \/>\n\t<meta property=\"og:image:width\" content=\"750\" \/>\n\t<meta property=\"og:image:height\" content=\"750\" \/>\n\t<meta property=\"og:image:type\" content=\"image\/jpeg\" \/>\n<meta name=\"author\" content=\"Anamet\" \/>\n<meta name=\"twitter:card\" content=\"summary_large_image\" \/>\n<meta name=\"twitter:label1\" content=\"Verfasst von\" \/>\n\t<meta name=\"twitter:data1\" content=\"Anamet\" \/>\n\t<meta name=\"twitter:label2\" content=\"Gesch\u00e4tzte Lesezeit\" \/>\n\t<meta name=\"twitter:data2\" content=\"2\u00a0Minuten\" \/>\n<script type=\"application\/ld+json\" class=\"yoast-schema-graph\">{\"@context\":\"https:\\\/\\\/schema.org\",\"@graph\":[{\"@type\":\"Article\",\"@id\":\"https:\\\/\\\/www.anameteurope.com\\\/de\\\/nachrichten\\\/ankuendigung-unserer-teilnahme-an-der-hannover-messe-2025\\\/#article\",\"isPartOf\":{\"@id\":\"https:\\\/\\\/www.anameteurope.com\\\/de\\\/nachrichten\\\/ankuendigung-unserer-teilnahme-an-der-hannover-messe-2025\\\/\"},\"author\":{\"name\":\"Anamet\",\"@id\":\"https:\\\/\\\/www.anameteurope.com\\\/de\\\/#\\\/schema\\\/person\\\/60eeca27ea57252a3c7e44054cc0d054\"},\"headline\":\"Ank\u00fcndigung unserer Teilnahme an der Hannover Messe 2025\",\"datePublished\":\"2025-02-12T11:50:44+00:00\",\"dateModified\":\"2025-07-14T09:52:10+00:00\",\"mainEntityOfPage\":{\"@id\":\"https:\\\/\\\/www.anameteurope.com\\\/de\\\/nachrichten\\\/ankuendigung-unserer-teilnahme-an-der-hannover-messe-2025\\\/\"},\"wordCount\":288,\"image\":{\"@id\":\"https:\\\/\\\/www.anameteurope.com\\\/de\\\/nachrichten\\\/ankuendigung-unserer-teilnahme-an-der-hannover-messe-2025\\\/#primaryimage\"},\"thumbnailUrl\":\"https:\\\/\\\/www.anameteurope.com\\\/wp-content\\\/uploads\\\/2025\\\/02\\\/Hannover-Messe-Logo.jpg\",\"articleSection\":[\"Nachrichten\"],\"inLanguage\":\"de\"},{\"@type\":\"WebPage\",\"@id\":\"https:\\\/\\\/www.anameteurope.com\\\/de\\\/nachrichten\\\/ankuendigung-unserer-teilnahme-an-der-hannover-messe-2025\\\/\",\"url\":\"https:\\\/\\\/www.anameteurope.com\\\/de\\\/nachrichten\\\/ankuendigung-unserer-teilnahme-an-der-hannover-messe-2025\\\/\",\"name\":\"Ank\u00fcndigung unserer Teilnahme an der Hannover Messe 2025 - Anamet Europe\",\"isPartOf\":{\"@id\":\"https:\\\/\\\/www.anameteurope.com\\\/de\\\/#website\"},\"primaryImageOfPage\":{\"@id\":\"https:\\\/\\\/www.anameteurope.com\\\/de\\\/nachrichten\\\/ankuendigung-unserer-teilnahme-an-der-hannover-messe-2025\\\/#primaryimage\"},\"image\":{\"@id\":\"https:\\\/\\\/www.anameteurope.com\\\/de\\\/nachrichten\\\/ankuendigung-unserer-teilnahme-an-der-hannover-messe-2025\\\/#primaryimage\"},\"thumbnailUrl\":\"https:\\\/\\\/www.anameteurope.com\\\/wp-content\\\/uploads\\\/2025\\\/02\\\/Hannover-Messe-Logo.jpg\",\"datePublished\":\"2025-02-12T11:50:44+00:00\",\"dateModified\":\"2025-07-14T09:52:10+00:00\",\"author\":{\"@id\":\"https:\\\/\\\/www.anameteurope.com\\\/de\\\/#\\\/schema\\\/person\\\/60eeca27ea57252a3c7e44054cc0d054\"},\"description\":\"Ank\u00fcndigung: Anamet Europe auf der Hannover Messe 2025 \u2013 Besuchen Sie uns und entdecken Sie neueste L\u00f6sungen f\u00fcr Kabel- & Leitungsschutz.\",\"breadcrumb\":{\"@id\":\"https:\\\/\\\/www.anameteurope.com\\\/de\\\/nachrichten\\\/ankuendigung-unserer-teilnahme-an-der-hannover-messe-2025\\\/#breadcrumb\"},\"inLanguage\":\"de\",\"potentialAction\":[{\"@type\":\"ReadAction\",\"target\":[\"https:\\\/\\\/www.anameteurope.com\\\/de\\\/nachrichten\\\/ankuendigung-unserer-teilnahme-an-der-hannover-messe-2025\\\/\"]}]},{\"@type\":\"ImageObject\",\"inLanguage\":\"de\",\"@id\":\"https:\\\/\\\/www.anameteurope.com\\\/de\\\/nachrichten\\\/ankuendigung-unserer-teilnahme-an-der-hannover-messe-2025\\\/#primaryimage\",\"url\":\"https:\\\/\\\/www.anameteurope.com\\\/wp-content\\\/uploads\\\/2025\\\/02\\\/Hannover-Messe-Logo.jpg\",\"contentUrl\":\"https:\\\/\\\/www.anameteurope.com\\\/wp-content\\\/uploads\\\/2025\\\/02\\\/Hannover-Messe-Logo.jpg\",\"width\":750,\"height\":750,\"caption\":\"Hannover Messe Announcement\"},{\"@type\":\"BreadcrumbList\",\"@id\":\"https:\\\/\\\/www.anameteurope.com\\\/de\\\/nachrichten\\\/ankuendigung-unserer-teilnahme-an-der-hannover-messe-2025\\\/#breadcrumb\",\"itemListElement\":[{\"@type\":\"ListItem\",\"position\":1,\"name\":\"Home\",\"item\":\"https:\\\/\\\/www.anameteurope.com\\\/de\\\/\"},{\"@type\":\"ListItem\",\"position\":2,\"name\":\"Ank\u00fcndigung unserer Teilnahme an der Hannover Messe 2025\"}]},{\"@type\":\"WebSite\",\"@id\":\"https:\\\/\\\/www.anameteurope.com\\\/de\\\/#website\",\"url\":\"https:\\\/\\\/www.anameteurope.com\\\/de\\\/\",\"name\":\"Anamet Europe\",\"description\":\"To connect and protect\",\"potentialAction\":[{\"@type\":\"SearchAction\",\"target\":{\"@type\":\"EntryPoint\",\"urlTemplate\":\"https:\\\/\\\/www.anameteurope.com\\\/de\\\/?s={search_term_string}\"},\"query-input\":{\"@type\":\"PropertyValueSpecification\",\"valueRequired\":true,\"valueName\":\"search_term_string\"}}],\"inLanguage\":\"de\"},{\"@type\":\"Person\",\"@id\":\"https:\\\/\\\/www.anameteurope.com\\\/de\\\/#\\\/schema\\\/person\\\/60eeca27ea57252a3c7e44054cc0d054\",\"name\":\"Anamet\",\"image\":{\"@type\":\"ImageObject\",\"inLanguage\":\"de\",\"@id\":\"https:\\\/\\\/secure.gravatar.com\\\/avatar\\\/b8ae81e130a4f9bf0f051edbcf24107cb4d11b53ebd4e4ad366393609de7bc69?s=96&d=mm&r=g\",\"url\":\"https:\\\/\\\/secure.gravatar.com\\\/avatar\\\/b8ae81e130a4f9bf0f051edbcf24107cb4d11b53ebd4e4ad366393609de7bc69?s=96&d=mm&r=g\",\"contentUrl\":\"https:\\\/\\\/secure.gravatar.com\\\/avatar\\\/b8ae81e130a4f9bf0f051edbcf24107cb4d11b53ebd4e4ad366393609de7bc69?s=96&d=mm&r=g\",\"caption\":\"Anamet\"}}]}<\/script>\n<!-- \/ Yoast SEO plugin. -->","yoast_head_json":{"title":"Ank\u00fcndigung unserer Teilnahme an der Hannover Messe 2025 - Anamet Europe","description":"Ank\u00fcndigung: Anamet Europe auf der Hannover Messe 2025 \u2013 Besuchen Sie uns und entdecken Sie neueste L\u00f6sungen f\u00fcr Kabel- & Leitungsschutz.","robots":{"index":"index","follow":"follow","max-snippet":"max-snippet:-1","max-image-preview":"max-image-preview:large","max-video-preview":"max-video-preview:-1"},"canonical":"https:\/\/www.anameteurope.com\/de\/nachrichten\/ankuendigung-unserer-teilnahme-an-der-hannover-messe-2025\/","og_locale":"de_DE","og_type":"article","og_title":"Ank\u00fcndigung unserer Teilnahme an der Hannover Messe 2025 - Anamet Europe","og_description":"Ank\u00fcndigung: Anamet Europe auf der Hannover Messe 2025 \u2013 Besuchen Sie uns und entdecken Sie neueste L\u00f6sungen f\u00fcr Kabel- & Leitungsschutz.","og_url":"https:\/\/www.anameteurope.com\/de\/nachrichten\/ankuendigung-unserer-teilnahme-an-der-hannover-messe-2025\/","og_site_name":"Anamet Europe","article_published_time":"2025-02-12T11:50:44+00:00","article_modified_time":"2025-07-14T09:52:10+00:00","og_image":[{"width":750,"height":750,"url":"https:\/\/www.anameteurope.com\/wp-content\/uploads\/2025\/02\/Hannover-Messe-Logo.jpg","type":"image\/jpeg"}],"author":"Anamet","twitter_card":"summary_large_image","twitter_misc":{"Verfasst von":"Anamet","Gesch\u00e4tzte Lesezeit":"2\u00a0Minuten"},"schema":{"@context":"https:\/\/schema.org","@graph":[{"@type":"Article","@id":"https:\/\/www.anameteurope.com\/de\/nachrichten\/ankuendigung-unserer-teilnahme-an-der-hannover-messe-2025\/#article","isPartOf":{"@id":"https:\/\/www.anameteurope.com\/de\/nachrichten\/ankuendigung-unserer-teilnahme-an-der-hannover-messe-2025\/"},"author":{"name":"Anamet","@id":"https:\/\/www.anameteurope.com\/de\/#\/schema\/person\/60eeca27ea57252a3c7e44054cc0d054"},"headline":"Ank\u00fcndigung unserer Teilnahme an der Hannover Messe 2025","datePublished":"2025-02-12T11:50:44+00:00","dateModified":"2025-07-14T09:52:10+00:00","mainEntityOfPage":{"@id":"https:\/\/www.anameteurope.com\/de\/nachrichten\/ankuendigung-unserer-teilnahme-an-der-hannover-messe-2025\/"},"wordCount":288,"image":{"@id":"https:\/\/www.anameteurope.com\/de\/nachrichten\/ankuendigung-unserer-teilnahme-an-der-hannover-messe-2025\/#primaryimage"},"thumbnailUrl":"https:\/\/www.anameteurope.com\/wp-content\/uploads\/2025\/02\/Hannover-Messe-Logo.jpg","articleSection":["Nachrichten"],"inLanguage":"de"},{"@type":"WebPage","@id":"https:\/\/www.anameteurope.com\/de\/nachrichten\/ankuendigung-unserer-teilnahme-an-der-hannover-messe-2025\/","url":"https:\/\/www.anameteurope.com\/de\/nachrichten\/ankuendigung-unserer-teilnahme-an-der-hannover-messe-2025\/","name":"Ank\u00fcndigung unserer Teilnahme an der Hannover Messe 2025 - Anamet Europe","isPartOf":{"@id":"https:\/\/www.anameteurope.com\/de\/#website"},"primaryImageOfPage":{"@id":"https:\/\/www.anameteurope.com\/de\/nachrichten\/ankuendigung-unserer-teilnahme-an-der-hannover-messe-2025\/#primaryimage"},"image":{"@id":"https:\/\/www.anameteurope.com\/de\/nachrichten\/ankuendigung-unserer-teilnahme-an-der-hannover-messe-2025\/#primaryimage"},"thumbnailUrl":"https:\/\/www.anameteurope.com\/wp-content\/uploads\/2025\/02\/Hannover-Messe-Logo.jpg","datePublished":"2025-02-12T11:50:44+00:00","dateModified":"2025-07-14T09:52:10+00:00","author":{"@id":"https:\/\/www.anameteurope.com\/de\/#\/schema\/person\/60eeca27ea57252a3c7e44054cc0d054"},"description":"Ank\u00fcndigung: Anamet Europe auf der Hannover Messe 2025 \u2013 Besuchen Sie uns und entdecken Sie neueste L\u00f6sungen f\u00fcr Kabel- & Leitungsschutz.","breadcrumb":{"@id":"https:\/\/www.anameteurope.com\/de\/nachrichten\/ankuendigung-unserer-teilnahme-an-der-hannover-messe-2025\/#breadcrumb"},"inLanguage":"de","potentialAction":[{"@type":"ReadAction","target":["https:\/\/www.anameteurope.com\/de\/nachrichten\/ankuendigung-unserer-teilnahme-an-der-hannover-messe-2025\/"]}]},{"@type":"ImageObject","inLanguage":"de","@id":"https:\/\/www.anameteurope.com\/de\/nachrichten\/ankuendigung-unserer-teilnahme-an-der-hannover-messe-2025\/#primaryimage","url":"https:\/\/www.anameteurope.com\/wp-content\/uploads\/2025\/02\/Hannover-Messe-Logo.jpg","contentUrl":"https:\/\/www.anameteurope.com\/wp-content\/uploads\/2025\/02\/Hannover-Messe-Logo.jpg","width":750,"height":750,"caption":"Hannover Messe Announcement"},{"@type":"BreadcrumbList","@id":"https:\/\/www.anameteurope.com\/de\/nachrichten\/ankuendigung-unserer-teilnahme-an-der-hannover-messe-2025\/#breadcrumb","itemListElement":[{"@type":"ListItem","position":1,"name":"Home","item":"https:\/\/www.anameteurope.com\/de\/"},{"@type":"ListItem","position":2,"name":"Ank\u00fcndigung unserer Teilnahme an der Hannover Messe 2025"}]},{"@type":"WebSite","@id":"https:\/\/www.anameteurope.com\/de\/#website","url":"https:\/\/www.anameteurope.com\/de\/","name":"Anamet Europe","description":"To connect and protect","potentialAction":[{"@type":"SearchAction","target":{"@type":"EntryPoint","urlTemplate":"https:\/\/www.anameteurope.com\/de\/?s={search_term_string}"},"query-input":{"@type":"PropertyValueSpecification","valueRequired":true,"valueName":"search_term_string"}}],"inLanguage":"de"},{"@type":"Person","@id":"https:\/\/www.anameteurope.com\/de\/#\/schema\/person\/60eeca27ea57252a3c7e44054cc0d054","name":"Anamet","image":{"@type":"ImageObject","inLanguage":"de","@id":"https:\/\/secure.gravatar.com\/avatar\/b8ae81e130a4f9bf0f051edbcf24107cb4d11b53ebd4e4ad366393609de7bc69?s=96&d=mm&r=g","url":"https:\/\/secure.gravatar.com\/avatar\/b8ae81e130a4f9bf0f051edbcf24107cb4d11b53ebd4e4ad366393609de7bc69?s=96&d=mm&r=g","contentUrl":"https:\/\/secure.gravatar.com\/avatar\/b8ae81e130a4f9bf0f051edbcf24107cb4d11b53ebd4e4ad366393609de7bc69?s=96&d=mm&r=g","caption":"Anamet"}}]}},"_links":{"self":[{"href":"https:\/\/www.anameteurope.com\/de\/wp-json\/wp\/v2\/posts\/32480","targetHints":{"allow":["GET"]}}],"collection":[{"href":"https:\/\/www.anameteurope.com\/de\/wp-json\/wp\/v2\/posts"}],"about":[{"href":"https:\/\/www.anameteurope.com\/de\/wp-json\/wp\/v2\/types\/post"}],"author":[{"embeddable":true,"href":"https:\/\/www.anameteurope.com\/de\/wp-json\/wp\/v2\/users\/3"}],"replies":[{"embeddable":true,"href":"https:\/\/www.anameteurope.com\/de\/wp-json\/wp\/v2\/comments?post=32480"}],"version-history":[{"count":3,"href":"https:\/\/www.anameteurope.com\/de\/wp-json\/wp\/v2\/posts\/32480\/revisions"}],"predecessor-version":[{"id":32485,"href":"https:\/\/www.anameteurope.com\/de\/wp-json\/wp\/v2\/posts\/32480\/revisions\/32485"}],"wp:featuredmedia":[{"embeddable":true,"href":"https:\/\/www.anameteurope.com\/de\/wp-json\/wp\/v2\/media\/32476"}],"wp:attachment":[{"href":"https:\/\/www.anameteurope.com\/de\/wp-json\/wp\/v2\/media?parent=32480"}],"wp:term":[{"taxonomy":"category","embeddable":true,"href":"https:\/\/www.anameteurope.com\/de\/wp-json\/wp\/v2\/categories?post=32480"},{"taxonomy":"post_tag","embeddable":true,"href":"https:\/\/www.anameteurope.com\/de\/wp-json\/wp\/v2\/tags?post=32480"}],"curies":[{"name":"wp","href":"https:\/\/api.w.org\/{rel}","templated":true}]}}